{"id":1240,"date":"2022-02-23T14:00:00","date_gmt":"2022-02-23T19:00:00","guid":{"rendered":"https:\/\/siembratic.org\/?p=1240"},"modified":"2025-09-12T09:16:14","modified_gmt":"2025-09-12T14:16:14","slug":"cerrando-la-brecha-digital-en-colombia","status":"publish","type":"post","link":"https:\/\/siembratic.org\/en\/cerrando-la-brecha-digital-en-colombia\/","title":{"rendered":"Closing the digital divide in Colombia"},"content":{"rendered":"<p>Turmequ\u00e9 is a small but charming Colombian municipality located in the province of M\u00e1rquez, in the department of Boyac\u00e1. It is home to a public institution (Turmequ\u00e9 Technical and Industrial Educational Institution) responsible for educating children in early childhood. Like many other schools and institutions, it lacks the resources to provide comprehensive digital education.<\/p>\n\n\n\n<p>During the first few days of February, SiembraTic, with the help of its collaborators, donated a TV to give teachers more and better resources to help them teach their students in a more up-to-date and educational way.<\/p>\n\n\n\n<p>So far, this TV has been used by fifth-grade students and their teacher, Olga Maritza Pulido Bernal. However, the foundation will continue working to ensure that all children can benefit and that the digital divide that separates them from other children in the most remote areas of the country narrows.<\/p>\n\n\n\n<p>If you&#039;d like to contribute to our causes and help low-income Colombian children continue their education thanks to connectivity, click here and help shape our children&#039;s future.<\/p>\n\n\n\n<p><\/p>","protected":false},"excerpt":{"rendered":"<p>Turmequ\u00e9 es un peque\u00f1o pero encantador municipio colombiano, ubicado en la provincia de M\u00e1rquez en el departamento de Boyac\u00e1. All\u00ed se ubica una instituci\u00f3n p\u00fablica (Instituci\u00f3n educativa t\u00e9cnica industrial de Turmequ\u00e9) que es la encargada de formar a los ni\u00f1os y ni\u00f1as en su primera infancia y que al igual que muchos otros colegios e [&hellip;]<\/p>\n","protected":false},"author":1,"featured_media":1243,"comment_status":"closed","ping_status":"open","sticky":false,"template":"","format":"standard","meta":{"footnotes":""},"categories":[1],"tags":[],"class_list":["post-1240","post","type-post","status-publish","format-standard","has-post-thumbnail","hentry","category-sin-categoria"],"yoast_head":"<!-- This site is optimized with the Yoast SEO plugin v27.5 - https:\/\/yoast.com\/product\/yoast-seo-wordpress\/ -->\n<title>Cerrando la brecha digital en Colombia - Siembra TIC<\/title>\n<meta name=\"robots\" content=\"index, follow, max-snippet:-1, max-image-preview:large, max-video-preview:-1\" \/>\n<link rel=\"canonical\" href=\"https:\/\/siembratic.org\/en\/cerrando-la-brecha-digital-en-colombia\/\" \/>\n<meta property=\"og:locale\" content=\"en_US\" \/>\n<meta property=\"og:type\" content=\"article\" \/>\n<meta property=\"og:title\" content=\"Cerrando la brecha digital en Colombia - Siembra TIC\" \/>\n<meta property=\"og:description\" content=\"Turmequ\u00e9 es un peque\u00f1o pero encantador municipio colombiano, ubicado en la provincia de M\u00e1rquez en el departamento de Boyac\u00e1. All\u00ed se ubica una instituci\u00f3n p\u00fablica (Instituci\u00f3n educativa t\u00e9cnica industrial de Turmequ\u00e9) que es la encargada de formar a los ni\u00f1os y ni\u00f1as en su primera infancia y que al igual que muchos otros colegios e [&hellip;]\" \/>\n<meta property=\"og:url\" content=\"https:\/\/siembratic.org\/en\/cerrando-la-brecha-digital-en-colombia\/\" \/>\n<meta property=\"og:site_name\" content=\"Siembra TIC\" \/>\n<meta property=\"article:published_time\" content=\"2022-02-23T19:00:00+00:00\" \/>\n<meta property=\"article:modified_time\" content=\"2025-09-12T14:16:14+00:00\" \/>\n<meta property=\"og:image\" content=\"https:\/\/siembratic.org\/\/wp-content\/uploads\/2025\/09\/Cerrando-brecha-digital.webp\" \/>\n\t<meta property=\"og:image:width\" content=\"900\" \/>\n\t<meta property=\"og:image:height\" content=\"550\" \/>\n\t<meta property=\"og:image:type\" content=\"image\/webp\" \/>\n<meta name=\"author\" content=\"maorez\" \/>\n<meta name=\"twitter:card\" content=\"summary_large_image\" \/>\n<meta name=\"twitter:label1\" content=\"Written by\" \/>\n\t<meta name=\"twitter:data1\" content=\"maorez\" \/>\n\t<meta name=\"twitter:label2\" content=\"Est. reading time\" \/>\n\t<meta name=\"twitter:data2\" content=\"2 minutes\" \/>\n<script type=\"application\/ld+json\" class=\"yoast-schema-graph\">{\"@context\":\"https:\\\/\\\/schema.org\",\"@graph\":[{\"@type\":\"Article\",\"@id\":\"https:\\\/\\\/siembratic.org\\\/cerrando-la-brecha-digital-en-colombia\\\/#article\",\"isPartOf\":{\"@id\":\"https:\\\/\\\/siembratic.org\\\/cerrando-la-brecha-digital-en-colombia\\\/\"},\"author\":{\"name\":\"maorez\",\"@id\":\"https:\\\/\\\/siembratic.org\\\/#\\\/schema\\\/person\\\/0daf5a08dacbf6c527c6d8ac38456a87\"},\"headline\":\"Cerrando la brecha digital en Colombia\",\"datePublished\":\"2022-02-23T19:00:00+00:00\",\"dateModified\":\"2025-09-12T14:16:14+00:00\",\"mainEntityOfPage\":{\"@id\":\"https:\\\/\\\/siembratic.org\\\/cerrando-la-brecha-digital-en-colombia\\\/\"},\"wordCount\":231,\"publisher\":{\"@id\":\"https:\\\/\\\/siembratic.org\\\/#organization\"},\"image\":{\"@id\":\"https:\\\/\\\/siembratic.org\\\/cerrando-la-brecha-digital-en-colombia\\\/#primaryimage\"},\"thumbnailUrl\":\"https:\\\/\\\/siembratic.org\\\/\\\/wp-content\\\/uploads\\\/2025\\\/09\\\/Cerrando-brecha-digital.webp\",\"articleSection\":[\"Sin categor\u00eda\"],\"inLanguage\":\"en-US\"},{\"@type\":\"WebPage\",\"@id\":\"https:\\\/\\\/siembratic.org\\\/cerrando-la-brecha-digital-en-colombia\\\/\",\"url\":\"https:\\\/\\\/siembratic.org\\\/cerrando-la-brecha-digital-en-colombia\\\/\",\"name\":\"Cerrando la brecha digital en Colombia - Siembra TIC\",\"isPartOf\":{\"@id\":\"https:\\\/\\\/siembratic.org\\\/#website\"},\"primaryImageOfPage\":{\"@id\":\"https:\\\/\\\/siembratic.org\\\/cerrando-la-brecha-digital-en-colombia\\\/#primaryimage\"},\"image\":{\"@id\":\"https:\\\/\\\/siembratic.org\\\/cerrando-la-brecha-digital-en-colombia\\\/#primaryimage\"},\"thumbnailUrl\":\"https:\\\/\\\/siembratic.org\\\/\\\/wp-content\\\/uploads\\\/2025\\\/09\\\/Cerrando-brecha-digital.webp\",\"datePublished\":\"2022-02-23T19:00:00+00:00\",\"dateModified\":\"2025-09-12T14:16:14+00:00\",\"breadcrumb\":{\"@id\":\"https:\\\/\\\/siembratic.org\\\/cerrando-la-brecha-digital-en-colombia\\\/#breadcrumb\"},\"inLanguage\":\"en-US\",\"potentialAction\":[{\"@type\":\"ReadAction\",\"target\":[\"https:\\\/\\\/siembratic.org\\\/cerrando-la-brecha-digital-en-colombia\\\/\"]}]},{\"@type\":\"ImageObject\",\"inLanguage\":\"en-US\",\"@id\":\"https:\\\/\\\/siembratic.org\\\/cerrando-la-brecha-digital-en-colombia\\\/#primaryimage\",\"url\":\"https:\\\/\\\/siembratic.org\\\/\\\/wp-content\\\/uploads\\\/2025\\\/09\\\/Cerrando-brecha-digital.webp\",\"contentUrl\":\"https:\\\/\\\/siembratic.org\\\/\\\/wp-content\\\/uploads\\\/2025\\\/09\\\/Cerrando-brecha-digital.webp\",\"width\":900,\"height\":550},{\"@type\":\"BreadcrumbList\",\"@id\":\"https:\\\/\\\/siembratic.org\\\/cerrando-la-brecha-digital-en-colombia\\\/#breadcrumb\",\"itemListElement\":[{\"@type\":\"ListItem\",\"position\":1,\"name\":\"Inicio\",\"item\":\"https:\\\/\\\/siembratic.org\\\/\"},{\"@type\":\"ListItem\",\"position\":2,\"name\":\"Cerrando la brecha digital en Colombia\"}]},{\"@type\":\"WebSite\",\"@id\":\"https:\\\/\\\/siembratic.org\\\/#website\",\"url\":\"https:\\\/\\\/siembratic.org\\\/\",\"name\":\"Siembra TIC\",\"description\":\"\",\"publisher\":{\"@id\":\"https:\\\/\\\/siembratic.org\\\/#organization\"},\"potentialAction\":[{\"@type\":\"SearchAction\",\"target\":{\"@type\":\"EntryPoint\",\"urlTemplate\":\"https:\\\/\\\/siembratic.org\\\/?s={search_term_string}\"},\"query-input\":{\"@type\":\"PropertyValueSpecification\",\"valueRequired\":true,\"valueName\":\"search_term_string\"}}],\"inLanguage\":\"en-US\"},{\"@type\":\"Organization\",\"@id\":\"https:\\\/\\\/siembratic.org\\\/#organization\",\"name\":\"Siembra TIC\",\"url\":\"https:\\\/\\\/siembratic.org\\\/\",\"logo\":{\"@type\":\"ImageObject\",\"inLanguage\":\"en-US\",\"@id\":\"https:\\\/\\\/siembratic.org\\\/#\\\/schema\\\/logo\\\/image\\\/\",\"url\":\"https:\\\/\\\/siembratic.org\\\/\\\/wp-content\\\/uploads\\\/2025\\\/08\\\/logo.png\",\"contentUrl\":\"https:\\\/\\\/siembratic.org\\\/\\\/wp-content\\\/uploads\\\/2025\\\/08\\\/logo.png\",\"width\":182,\"height\":69,\"caption\":\"Siembra TIC\"},\"image\":{\"@id\":\"https:\\\/\\\/siembratic.org\\\/#\\\/schema\\\/logo\\\/image\\\/\"}},{\"@type\":\"Person\",\"@id\":\"https:\\\/\\\/siembratic.org\\\/#\\\/schema\\\/person\\\/0daf5a08dacbf6c527c6d8ac38456a87\",\"name\":\"maorez\",\"image\":{\"@type\":\"ImageObject\",\"inLanguage\":\"en-US\",\"@id\":\"https:\\\/\\\/secure.gravatar.com\\\/avatar\\\/c1afcb79f8de82557662d97a76af60d35095ba871ac7457cc589426b735693ad?s=96&d=mm&r=g\",\"url\":\"https:\\\/\\\/secure.gravatar.com\\\/avatar\\\/c1afcb79f8de82557662d97a76af60d35095ba871ac7457cc589426b735693ad?s=96&d=mm&r=g\",\"contentUrl\":\"https:\\\/\\\/secure.gravatar.com\\\/avatar\\\/c1afcb79f8de82557662d97a76af60d35095ba871ac7457cc589426b735693ad?s=96&d=mm&r=g\",\"caption\":\"maorez\"},\"sameAs\":[\"https:\\\/\\\/siembratic.org\"],\"url\":\"https:\\\/\\\/siembratic.org\\\/en\\\/author\\\/maorez\\\/\"}]}<\/script>\n<!-- \/ Yoast SEO plugin. -->","yoast_head_json":{"title":"Cerrando la brecha digital en Colombia - Siembra TIC","robots":{"index":"index","follow":"follow","max-snippet":"max-snippet:-1","max-image-preview":"max-image-preview:large","max-video-preview":"max-video-preview:-1"},"canonical":"https:\/\/siembratic.org\/en\/cerrando-la-brecha-digital-en-colombia\/","og_locale":"en_US","og_type":"article","og_title":"Cerrando la brecha digital en Colombia - Siembra TIC","og_description":"Turmequ\u00e9 es un peque\u00f1o pero encantador municipio colombiano, ubicado en la provincia de M\u00e1rquez en el departamento de Boyac\u00e1. All\u00ed se ubica una instituci\u00f3n p\u00fablica (Instituci\u00f3n educativa t\u00e9cnica industrial de Turmequ\u00e9) que es la encargada de formar a los ni\u00f1os y ni\u00f1as en su primera infancia y que al igual que muchos otros colegios e [&hellip;]","og_url":"https:\/\/siembratic.org\/en\/cerrando-la-brecha-digital-en-colombia\/","og_site_name":"Siembra TIC","article_published_time":"2022-02-23T19:00:00+00:00","article_modified_time":"2025-09-12T14:16:14+00:00","og_image":[{"width":900,"height":550,"url":"https:\/\/siembratic.org\/\/wp-content\/uploads\/2025\/09\/Cerrando-brecha-digital.webp","type":"image\/webp"}],"author":"maorez","twitter_card":"summary_large_image","twitter_misc":{"Written by":"maorez","Est. reading time":"2 minutes"},"schema":{"@context":"https:\/\/schema.org","@graph":[{"@type":"Article","@id":"https:\/\/siembratic.org\/cerrando-la-brecha-digital-en-colombia\/#article","isPartOf":{"@id":"https:\/\/siembratic.org\/cerrando-la-brecha-digital-en-colombia\/"},"author":{"name":"maorez","@id":"https:\/\/siembratic.org\/#\/schema\/person\/0daf5a08dacbf6c527c6d8ac38456a87"},"headline":"Cerrando la brecha digital en Colombia","datePublished":"2022-02-23T19:00:00+00:00","dateModified":"2025-09-12T14:16:14+00:00","mainEntityOfPage":{"@id":"https:\/\/siembratic.org\/cerrando-la-brecha-digital-en-colombia\/"},"wordCount":231,"publisher":{"@id":"https:\/\/siembratic.org\/#organization"},"image":{"@id":"https:\/\/siembratic.org\/cerrando-la-brecha-digital-en-colombia\/#primaryimage"},"thumbnailUrl":"https:\/\/siembratic.org\/\/wp-content\/uploads\/2025\/09\/Cerrando-brecha-digital.webp","articleSection":["Sin categor\u00eda"],"inLanguage":"en-US"},{"@type":"WebPage","@id":"https:\/\/siembratic.org\/cerrando-la-brecha-digital-en-colombia\/","url":"https:\/\/siembratic.org\/cerrando-la-brecha-digital-en-colombia\/","name":"Cerrando la brecha digital en Colombia - Siembra TIC","isPartOf":{"@id":"https:\/\/siembratic.org\/#website"},"primaryImageOfPage":{"@id":"https:\/\/siembratic.org\/cerrando-la-brecha-digital-en-colombia\/#primaryimage"},"image":{"@id":"https:\/\/siembratic.org\/cerrando-la-brecha-digital-en-colombia\/#primaryimage"},"thumbnailUrl":"https:\/\/siembratic.org\/\/wp-content\/uploads\/2025\/09\/Cerrando-brecha-digital.webp","datePublished":"2022-02-23T19:00:00+00:00","dateModified":"2025-09-12T14:16:14+00:00","breadcrumb":{"@id":"https:\/\/siembratic.org\/cerrando-la-brecha-digital-en-colombia\/#breadcrumb"},"inLanguage":"en-US","potentialAction":[{"@type":"ReadAction","target":["https:\/\/siembratic.org\/cerrando-la-brecha-digital-en-colombia\/"]}]},{"@type":"ImageObject","inLanguage":"en-US","@id":"https:\/\/siembratic.org\/cerrando-la-brecha-digital-en-colombia\/#primaryimage","url":"https:\/\/siembratic.org\/\/wp-content\/uploads\/2025\/09\/Cerrando-brecha-digital.webp","contentUrl":"https:\/\/siembratic.org\/\/wp-content\/uploads\/2025\/09\/Cerrando-brecha-digital.webp","width":900,"height":550},{"@type":"BreadcrumbList","@id":"https:\/\/siembratic.org\/cerrando-la-brecha-digital-en-colombia\/#breadcrumb","itemListElement":[{"@type":"ListItem","position":1,"name":"Inicio","item":"https:\/\/siembratic.org\/"},{"@type":"ListItem","position":2,"name":"Cerrando la brecha digital en Colombia"}]},{"@type":"WebSite","@id":"https:\/\/siembratic.org\/#website","url":"https:\/\/siembratic.org\/","name":"ICT Sowing","description":"","publisher":{"@id":"https:\/\/siembratic.org\/#organization"},"potentialAction":[{"@type":"SearchAction","target":{"@type":"EntryPoint","urlTemplate":"https:\/\/siembratic.org\/?s={search_term_string}"},"query-input":{"@type":"PropertyValueSpecification","valueRequired":true,"valueName":"search_term_string"}}],"inLanguage":"en-US"},{"@type":"Organization","@id":"https:\/\/siembratic.org\/#organization","name":"ICT Sowing","url":"https:\/\/siembratic.org\/","logo":{"@type":"ImageObject","inLanguage":"en-US","@id":"https:\/\/siembratic.org\/#\/schema\/logo\/image\/","url":"https:\/\/siembratic.org\/\/wp-content\/uploads\/2025\/08\/logo.png","contentUrl":"https:\/\/siembratic.org\/\/wp-content\/uploads\/2025\/08\/logo.png","width":182,"height":69,"caption":"Siembra TIC"},"image":{"@id":"https:\/\/siembratic.org\/#\/schema\/logo\/image\/"}},{"@type":"Person","@id":"https:\/\/siembratic.org\/#\/schema\/person\/0daf5a08dacbf6c527c6d8ac38456a87","name":"maorez","image":{"@type":"ImageObject","inLanguage":"en-US","@id":"https:\/\/secure.gravatar.com\/avatar\/c1afcb79f8de82557662d97a76af60d35095ba871ac7457cc589426b735693ad?s=96&d=mm&r=g","url":"https:\/\/secure.gravatar.com\/avatar\/c1afcb79f8de82557662d97a76af60d35095ba871ac7457cc589426b735693ad?s=96&d=mm&r=g","contentUrl":"https:\/\/secure.gravatar.com\/avatar\/c1afcb79f8de82557662d97a76af60d35095ba871ac7457cc589426b735693ad?s=96&d=mm&r=g","caption":"maorez"},"sameAs":["https:\/\/siembratic.org"],"url":"https:\/\/siembratic.org\/en\/author\/maorez\/"}]}},"_links":{"self":[{"href":"https:\/\/siembratic.org\/en\/wp-json\/wp\/v2\/posts\/1240","targetHints":{"allow":["GET"]}}],"collection":[{"href":"https:\/\/siembratic.org\/en\/wp-json\/wp\/v2\/posts"}],"about":[{"href":"https:\/\/siembratic.org\/en\/wp-json\/wp\/v2\/types\/post"}],"author":[{"embeddable":true,"href":"https:\/\/siembratic.org\/en\/wp-json\/wp\/v2\/users\/1"}],"replies":[{"embeddable":true,"href":"https:\/\/siembratic.org\/en\/wp-json\/wp\/v2\/comments?post=1240"}],"version-history":[{"count":0,"href":"https:\/\/siembratic.org\/en\/wp-json\/wp\/v2\/posts\/1240\/revisions"}],"wp:featuredmedia":[{"embeddable":true,"href":"https:\/\/siembratic.org\/en\/wp-json\/wp\/v2\/media\/1243"}],"wp:attachment":[{"href":"https:\/\/siembratic.org\/en\/wp-json\/wp\/v2\/media?parent=1240"}],"wp:term":[{"taxonomy":"category","embeddable":true,"href":"https:\/\/siembratic.org\/en\/wp-json\/wp\/v2\/categories?post=1240"},{"taxonomy":"post_tag","embeddable":true,"href":"https:\/\/siembratic.org\/en\/wp-json\/wp\/v2\/tags?post=1240"}],"curies":[{"name":"wp","href":"https:\/\/api.w.org\/{rel}","templated":true}]}}